[{"@context":"https:\/\/schema.org\/","@type":"Article","@id":"https:\/\/www.miou-miou.cz\/odparovaci-kondenzatory-pro-firmy\/#Article","mainEntityOfPage":"https:\/\/www.miou-miou.cz\/odparovaci-kondenzatory-pro-firmy\/","headline":"Odpa\u0159ovac\u00ed kondenz\u00e1tory pro firmy","name":"Odpa\u0159ovac\u00ed kondenz\u00e1tory pro firmy","description":"Nab\u00edz\u00edme velk\u00e9 i men\u0161\u00ed kondenz\u00e1tory, kter\u00e9 vyu\u017e\u00edvaj\u00ed nejr\u016fzn\u011bj\u0161\u00ed m\u00e9dia, p\u0159edev\u0161\u00edm tedy kapaliny, v \u010dele s vodou. Odpa\u0159ovac\u00ed kondenz\u00e1tory nemaj\u00ed drah\u00fd provoz, ale dejte si pozor<a href=\"https:\/\/www.miou-miou.cz\/odparovaci-kondenzatory-pro-firmy\/\" class=\"more-link\">View More<\/a>","datePublished":"2024-03-31","dateModified":"2024-03-31","author":{"@type":"Person","@id":"https:\/\/www.miou-miou.cz\/author\/#Person","name":"","url":"https:\/\/www.miou-miou.cz\/author\/","identifier":1,"image":{"@type":"ImageObject","@id":"https:\/\/secure.gravatar.com\/avatar\/96681f32407e92907e886055c80be666fea9980585e3d74d58609948dcc5acbb?s=96&d=mm&r=g","url":"https:\/\/secure.gravatar.com\/avatar\/96681f32407e92907e886055c80be666fea9980585e3d74d58609948dcc5acbb?s=96&d=mm&r=g","height":96,"width":96}},"publisher":{"@type":"Organization","name":"miou-miou.cz","logo":{"@type":"ImageObject","@id":"\/logo.png","url":"\/logo.png","width":600,"height":60}},"url":"https:\/\/www.miou-miou.cz\/odparovaci-kondenzatory-pro-firmy\/","wordCount":253,"articleBody":"Nab\u00edz\u00edme velk\u00e9 i men\u0161\u00ed kondenz\u00e1tory, kter\u00e9 vyu\u017e\u00edvaj\u00ed nejr\u016fzn\u011bj\u0161\u00ed m\u00e9dia, p\u0159edev\u0161\u00edm tedy kapaliny, v \u010dele s vodou. Odpa\u0159ovac\u00ed kondenz\u00e1tory nemaj\u00ed drah\u00fd provoz, ale dejte si pozor na pravidelnou \u00fadr\u017ebu, kter\u00e1 zabr\u00e1n\u00ed n\u011bkter\u00fdm necht\u011bn\u00fdm po\u0161kozen\u00edm, nebo dal\u0161\u00edm nep\u0159\u00edjemnostem. Na\u0161e chlad\u00edc\u00ed za\u0159\u00edzen\u00ed to jsou ov\u0161em tak\u00e9 v\u011b\u017ee na chlazen\u00ed, kter\u00e9 se mohou rozd\u011blit na otev\u0159en\u00e9, uzav\u0159en\u00e9 a hybridn\u00ed. Z\u00e1le\u017e\u00ed samoz\u0159ejm\u011b na typu dan\u00e9ho objektu, nebo syst\u00e9mu, kter\u00fd budete chladit a na dal\u0161\u00edch faktorech. Pokud si nejste zcela jisti a nejste znalcem t\u011bchto za\u0159\u00edzen\u00ed, nebojte se obr\u00e1tit na kontaktn\u00ed centrum pro z\u00e1kazn\u00edky.Komplexn\u00ed slu\u017eby a jistota dod\u00e1n\u00edPokud se staneme partnery a vy si u n\u00e1s objedn\u00e1te n\u011bkter\u00fd z chladic\u00edch syst\u00e9m\u016f nebo za\u0159\u00edzen\u00ed, dozv\u00edte se v\u0161echny pot\u0159ebn\u00e9 informace do za\u010d\u00e1tku a dod\u00e1n\u00ed prob\u011bhne v co nejkrat\u0161\u00ed dob\u011b. N\u00e1sledn\u011b provedeme mont\u00e1\u017e, o tu se postaraj\u00ed na\u0161i zku\u0161en\u00ed pracovn\u00edci a mont\u00e9\u0159i. Odpa\u0159ovac\u00ed kondenz\u00e1tory mus\u00ed b\u00fdt um\u00edst\u011bny na p\u0159ehledn\u00e9m a hlavn\u011b stabiln\u00edm m\u00edst\u011b, proto je dobr\u00e9 v\u0161e s n\u00e1mi a na\u0161imi vedouc\u00edmi pracovn\u00edky d\u016fkladn\u011b promyslet a prov\u00e9st p\u0159esn\u00e9 v\u00fdkresy a dal\u0161\u00ed dokumentaci. I o to se postar\u00e1me v na\u0161\u00ed spole\u010dnosti.                                                                                                                                                                                                                                                                                                                                                                                        4.3\/5 - (10 votes)        "},{"@context":"https:\/\/schema.org\/","@type":"BreadcrumbList","itemListElement":[{"@type":"ListItem","position":1,"name":"Odpa\u0159ovac\u00ed kondenz\u00e1tory pro firmy","item":"https:\/\/www.miou-miou.cz\/odparovaci-kondenzatory-pro-firmy\/#breadcrumbitem"}]}]