[{"@context":"https:\/\/schema.org\/","@type":"Article","@id":"https:\/\/www.miou-miou.cz\/nepoddimenzovat-ani-nepredimenzovat\/#Article","mainEntityOfPage":"https:\/\/www.miou-miou.cz\/nepoddimenzovat-ani-nepredimenzovat\/","headline":"Nepoddimenzovat ani nep\u0159edimenzovat","name":"Nepoddimenzovat ani nep\u0159edimenzovat","description":"P\u0159ed po\u0159\u00edzen\u00edm si plastov\u00e9 j\u00edmky, a\u0165 u\u017e od na\u0161\u00ed firmy \u010di odjinud, je v\u017edy velmi d\u016fle\u017eit\u00e9 dob\u0159e propo\u010d\u00edtat a uv\u00e1\u017eit jej\u00ed velikost. Pokud se rozhodnete<a href=\"https:\/\/www.miou-miou.cz\/nepoddimenzovat-ani-nepredimenzovat\/\" class=\"more-link\">View More<\/a>","datePublished":"2024-04-12","dateModified":"2024-04-12","author":{"@type":"Person","@id":"https:\/\/www.miou-miou.cz\/author\/#Person","name":"","url":"https:\/\/www.miou-miou.cz\/author\/","identifier":1,"image":{"@type":"ImageObject","@id":"https:\/\/secure.gravatar.com\/avatar\/96681f32407e92907e886055c80be666fea9980585e3d74d58609948dcc5acbb?s=96&d=mm&r=g","url":"https:\/\/secure.gravatar.com\/avatar\/96681f32407e92907e886055c80be666fea9980585e3d74d58609948dcc5acbb?s=96&d=mm&r=g","height":96,"width":96}},"publisher":{"@type":"Organization","name":"miou-miou.cz","logo":{"@type":"ImageObject","@id":"\/logo.png","url":"\/logo.png","width":600,"height":60}},"url":"https:\/\/www.miou-miou.cz\/nepoddimenzovat-ani-nepredimenzovat\/","wordCount":221,"articleBody":"P\u0159ed po\u0159\u00edzen\u00edm si plastov\u00e9 j\u00edmky, a\u0165 u\u017e od na\u0161\u00ed firmy \u010di odjinud, je v\u017edy velmi d\u016fle\u017eit\u00e9 dob\u0159e propo\u010d\u00edtat a uv\u00e1\u017eit jej\u00ed velikost. Pokud se rozhodnete pro n\u00e1kup u na\u0161\u00ed spole\u010dnosti, m\u016f\u017eete se spolehnout na opravdu odborn\u00e9 poradenstv\u00ed, abyste se vyhnuli nej\u010dast\u011bj\u0161\u00ed chyb\u011b, ke kter\u00e9 p\u0159i v\u00fdb\u011bru tohoto sortimentu doch\u00e1z\u00ed, a to je jej\u00ed poddimenzov\u00e1n\u00ed. Tato \u0161patn\u011b odhadnut\u00e1 situace m\u00e1 jedin\u00fd, ale o to nep\u0159\u00edjemn\u011bj\u0161\u00ed z\u00e1drhel, kter\u00fdm je nutnost \u010dast\u00e9ho vyv\u00e1\u017een\u00ed odpadn\u00ed vody. V tom p\u0159\u00edpad\u011b se v\u0161ak nebude jednat pouze o ztr\u00e1tu \u010dasu, ale spr\u00e1vn\u00fd chod uveden\u00e9ho za\u0159\u00edzen\u00ed bude spojen i s vy\u0161\u0161\u00edmi n\u00e1klady, kter\u00e9 samoz\u0159ejm\u011b zv\u00fd\u0161\u00ed va\u0161e celkov\u00e9 n\u00e1klady na bydlen\u00ed nebo rekreov\u00e1n\u00ed.Na\u0161e plastov\u00e1 za\u0159\u00edzen\u00ed nepropust\u00ed ani kapku &#8211; naprost\u00e1 vodot\u011bsnost je zaru\u010denaPlastov\u00e9 j\u00edmky ur\u010den\u00e9 klasicky pro men\u0161\u00ed rekrea\u010dn\u00ed nemovitosti nebo chaty, kde se sice m\u016f\u017ee ob\u010das se vyskytnout v\u011bt\u0161\u00ed po\u010det lid\u00ed, ale sp\u00ed\u0161e, ne\u017e \u017ee tam budou pob\u00fdvat hromadn\u011b, se budou st\u0159\u00eddat, v\u00e1m posta\u010d\u00ed men\u0161\u00ed za\u0159\u00edzen\u00ed, kter\u00e9 bez probl\u00e9m\u016f zvl\u00e1dnete zasadit do p\u0159edem vykopan\u00e9 j\u00e1my ve dvou lidech.                                                                                                                                                                                                                                                                                                                                                                                        2.6\/5 - (5 votes)        "},{"@context":"https:\/\/schema.org\/","@type":"BreadcrumbList","itemListElement":[{"@type":"ListItem","position":1,"name":"Nepoddimenzovat ani nep\u0159edimenzovat","item":"https:\/\/www.miou-miou.cz\/nepoddimenzovat-ani-nepredimenzovat\/#breadcrumbitem"}]}]